{"id":282,"date":"2016-03-01T14:45:32","date_gmt":"2016-03-01T14:45:32","guid":{"rendered":"https:\/\/gmdesign.hu\/?p=282"},"modified":"2026-04-13T20:57:20","modified_gmt":"2026-04-13T20:57:20","slug":"egyszeru-kerdes-vajon-melyik-a-korszerubb","status":"publish","type":"post","link":"https:\/\/gmdesign.hu\/?p=282","title":{"rendered":"Egyszer\u0171 k\u00e9rd\u00e9s: vajon melyik a korszer\u0171bb?"},"content":{"rendered":"<p>Kellogg&#8217;s vs Auchan. &nbsp; &nbsp;&nbsp;\u00d6n szerint melyik dr\u00e1g\u00e1bb? &nbsp; &nbsp;&nbsp;Melyik\u00e9rt fizetne sz\u00edvesebben? &nbsp; &nbsp; Melyik termel t\u00f6bb szemetet? &nbsp; &nbsp; Melyik adja el jobban mag\u00e1t? &nbsp; &nbsp; Melyik szebb? &nbsp; &nbsp; Melyik mutatja jobban a term\u00e9ket? &nbsp; &nbsp; Melyik terheli jobban a k\u00f6rnyezetet? &nbsp; &nbsp; Melyiket k\u00f6nnyebb t\u00e1rolni? &nbsp; &nbsp; Melyik v\u00e9di jobban a term\u00e9ket? &nbsp; &nbsp; Melyik a j\u00f6v\u0151 \u00fatja? &nbsp; &nbsp; Melyik nehezebb? &nbsp; &nbsp; Melyiket \u00e9ri meg megvenni? &nbsp; &nbsp; Melyik az \u00e9rt\u00e9kesebb? &nbsp; &nbsp; Melyik gy\u00e1rt\u00e1sa egyszer\u0171bb? &nbsp; &nbsp; Melyikn\u00e9l sz\u00f3rod a p\u00e9nzedet? &nbsp; &nbsp; Melyiket adn\u00e1d a vend\u00e9gednek? &nbsp; &nbsp; Melyikhez kell t\u00f6bb energia \u00e9s nyersanyag? &nbsp; &nbsp; Melyik a helyes \u00fat?<\/p>\n\n\n<div class=\"wp-block-group is-content-justification-center is-nowrap is-layout-flex wp-container-core-group-is-layout-94bc23d7 wp-block-group-is-layout-flex\">\n\n<\/div>\n","protected":false},"excerpt":{"rendered":"<p>Kellogg&#8217;s vs Auchan. &nbsp; &nbsp;&nbsp;\u00d6n szerint melyik dr\u00e1g\u00e1bb? &nbsp; &nbsp;&nbsp;Melyik\u00e9rt fizetne sz\u00edvesebben? &nbsp; &nbsp; Melyik termel t\u00f6bb szemetet? &nbsp; &nbsp; Melyik adja el jobban mag\u00e1t? &nbsp; &nbsp; Melyik szebb? &nbsp; &nbsp; Melyik mutatja jobban a term\u00e9ket? &nbsp; &nbsp; Melyik terheli jobban a k\u00f6rnyezetet? &nbsp; &nbsp; Melyiket k\u00f6nnyebb t\u00e1rolni? &nbsp; &nbsp; Melyik v\u00e9di jobban a term\u00e9ket?<a href=\"https:\/\/gmdesign.hu\/?p=282\">Continue reading <span class=\"sr-only\">&#8222;Egyszer\u0171 k\u00e9rd\u00e9s: vajon melyik a korszer\u0171bb?&#8221;<\/span><\/a><\/p>\n","protected":false},"author":3,"featured_media":281,"comment_status":"closed","ping_status":"closed","sticky":false,"template":"","format":"standard","meta":{"_themeisle_gutenberg_block_has_review":false,"footnotes":""},"categories":[36],"tags":[42],"class_list":["post-282","post","type-post","status-publish","format-standard","has-post-thumbnail","hentry","category-blog","tag-citromle"],"_links":{"self":[{"href":"https:\/\/gmdesign.hu\/index.php?rest_route=\/wp\/v2\/posts\/282","targetHints":{"allow":["GET"]}}],"collection":[{"href":"https:\/\/gmdesign.hu\/index.php?rest_route=\/wp\/v2\/posts"}],"about":[{"href":"https:\/\/gmdesign.hu\/index.php?rest_route=\/wp\/v2\/types\/post"}],"author":[{"embeddable":true,"href":"https:\/\/gmdesign.hu\/index.php?rest_route=\/wp\/v2\/users\/3"}],"replies":[{"embeddable":true,"href":"https:\/\/gmdesign.hu\/index.php?rest_route=%2Fwp%2Fv2%2Fcomments&post=282"}],"version-history":[{"count":2,"href":"https:\/\/gmdesign.hu\/index.php?rest_route=\/wp\/v2\/posts\/282\/revisions"}],"predecessor-version":[{"id":2198,"href":"https:\/\/gmdesign.hu\/index.php?rest_route=\/wp\/v2\/posts\/282\/revisions\/2198"}],"wp:featuredmedia":[{"embeddable":true,"href":"https:\/\/gmdesign.hu\/index.php?rest_route=\/wp\/v2\/media\/281"}],"wp:attachment":[{"href":"https:\/\/gmdesign.hu\/index.php?rest_route=%2Fwp%2Fv2%2Fmedia&parent=282"}],"wp:term":[{"taxonomy":"category","embeddable":true,"href":"https:\/\/gmdesign.hu\/index.php?rest_route=%2Fwp%2Fv2%2Fcategories&post=282"},{"taxonomy":"post_tag","embeddable":true,"href":"https:\/\/gmdesign.hu\/index.php?rest_route=%2Fwp%2Fv2%2Ftags&post=282"}],"curies":[{"name":"wp","href":"https:\/\/api.w.org\/{rel}","templated":true}]}}