{"id":43,"date":"2016-11-22T11:48:42","date_gmt":"2016-11-22T11:48:42","guid":{"rendered":"https:\/\/gmdesign.hu\/?p=43"},"modified":"2026-03-30T16:52:10","modified_gmt":"2026-03-30T16:52:10","slug":"csomagolastervezes","status":"publish","type":"post","link":"https:\/\/gmdesign.hu\/?p=43","title":{"rendered":"Csomagol\u00e1stervez\u00e9s."},"content":{"rendered":"<p>Amikor k\u00e9zzelfoghat\u00f3 term\u00e9kek csomagol\u00e1stervez\u00e9s\u00e9t v\u00e9gezz\u00fck (de c\u00e9garculat eset\u00e9ben ugyan\u00edgy), minden esetben kialak\u00edtunk egy eszk\u00f6zf\u00fcggetlen nem konkr\u00e9t m\u0171v\u00e9szi koncepci\u00f3t l\u00e1tv\u00e1nyos tervekkel. Ez a leg\u00e9rdekesebb r\u00e9sze a csomagol\u00e1stervez\u00e9s folyamat\u00e1nak. Ezen a folyamaton egyszer megy\u00fcnk v\u00e9gig \u00e9s ha ennek eredm\u00e9ny\u00e9t elfogadja a partner, erre fogunk \u00e9p\u00edteni minden konkr\u00e9t eszk\u00f6zmegjelen\u00e9st legyen az term\u00e9kdoboz vagy elad\u00e1shelyi plak\u00e1t. A csomagol\u00e1stervez\u00e9s folyamat\u00e1nak ez a fajt\u00e1ja automatikusan garant\u00e1lja a konzekvens arculati megjelen\u00e9st. L\u00e9nyeg\u00e9ben ennyi. Ha ezt a koncepcion\u00e1lis m\u0171v\u00e9szeti tervez\u00e9st kihagyjuk, akkor onnan kezdve ford\u00edtva \u00fcl\u00fcnk a lovon.<\/p>\n<p>A konkr\u00e9t tervez\u00e9s akkor kezd\u0151dik, amikor tudjuk, hogy doboz lesz, mekkora, milyen s\u00faly\u00fa, hogy fogj\u00e1k t\u00e1rolni, mi lesz benne illetve rajta a konkr\u00e9t inform\u00e1ci\u00f3 az els\u0151 bet\u0171t\u0151l kezdve a vonalk\u00f3don kereszt\u00fcl az utols\u00f3 k\u00f6telez\u0151 piktogramig. Ennek v\u00e9geredm\u00e9nye m\u00e1r egy l\u00e9p\u00e9sre van a gy\u00e1rt\u00e1st\u00f3l.<\/p>\n<p>A csomagol\u00e1stervez\u00e9s folyam\u00e1n a term\u00e9keket 3 dimenzi\u00f3s virtu\u00e1lis l\u00e1tv\u00e1nytervben is meg tudjuk jelen\u00edteni, m\u00e9g azok gy\u00e1rt\u00e1sa el\u0151tt. Ezek a &#8222;<span style=\"text-decoration: underline;\"><a class=\"links\" title=\"3D vs Photo\" href=\"https:\/\/gmdesign.hu\/?p=332\" target=\"_blank\" rel=\"noopener\">fot\u00f3k<\/a><\/span>&#8221; sok szempontb\u00f3l haszn\u00e1lhat\u00f3bbak, mintha hagyom\u00e1nyos m\u0171termi fot\u00f3k lenn\u00e9nek. Igen sz\u00e9les sk\u00e1l\u00e1n alkalmazhat\u00f3ak kereskedelmi marketing c\u00e9lokra. Term\u00e9szetesen egy profi rekl\u00e1mfot\u00f3 studi\u00f3t nem lehet mell\u0151zni adott esetben.<\/p>\n<p>Az egyes eszk\u00f6z\u00f6k megtervez\u00e9se mag\u00e1bafoglalja a gy\u00e1rt\u00e1si param\u00e9terek meghat\u00e1roz\u00e1s\u00e1t is, valamint a gy\u00e1rt\u00e1sfel\u00fcgyeletet. A csomagol\u00e1stervez\u00e9s komplex folyamat, nem csak grafikai tervez\u00e9s.<\/p>\n","protected":false},"excerpt":{"rendered":"<p>Amikor k\u00e9zzelfoghat\u00f3 term\u00e9kek csomagol\u00e1stervez\u00e9s\u00e9t v\u00e9gezz\u00fck (de c\u00e9garculat eset\u00e9ben ugyan\u00edgy), minden esetben kialak\u00edtunk egy eszk\u00f6zf\u00fcggetlen nem konkr\u00e9t m\u0171v\u00e9szi koncepci\u00f3t l\u00e1tv\u00e1nyos tervekkel. Ez a leg\u00e9rdekesebb r\u00e9sze a csomagol\u00e1stervez\u00e9s folyamat\u00e1nak. Ezen a folyamaton egyszer megy\u00fcnk v\u00e9gig \u00e9s ha ennek eredm\u00e9ny\u00e9t elfogadja a partner, erre fogunk \u00e9p\u00edteni minden konkr\u00e9t eszk\u00f6zmegjelen\u00e9st legyen az term\u00e9kdoboz vagy elad\u00e1shelyi plak\u00e1t. A csomagol\u00e1stervez\u00e9s folyamat\u00e1nak<a href=\"https:\/\/gmdesign.hu\/?p=43\">Continue reading <span class=\"sr-only\">&#8222;Csomagol\u00e1stervez\u00e9s.&#8221;<\/span><\/a><\/p>\n","protected":false},"author":3,"featured_media":42,"comment_status":"open","ping_status":"open","sticky":false,"template":"","format":"standard","meta":{"_themeisle_gutenberg_block_has_review":false,"footnotes":""},"categories":[18],"tags":[],"class_list":["post-43","post","type-post","status-publish","format-standard","has-post-thumbnail","hentry","category-tevekenyseg"],"_links":{"self":[{"href":"https:\/\/gmdesign.hu\/index.php?rest_route=\/wp\/v2\/posts\/43","targetHints":{"allow":["GET"]}}],"collection":[{"href":"https:\/\/gmdesign.hu\/index.php?rest_route=\/wp\/v2\/posts"}],"about":[{"href":"https:\/\/gmdesign.hu\/index.php?rest_route=\/wp\/v2\/types\/post"}],"author":[{"embeddable":true,"href":"https:\/\/gmdesign.hu\/index.php?rest_route=\/wp\/v2\/users\/3"}],"replies":[{"embeddable":true,"href":"https:\/\/gmdesign.hu\/index.php?rest_route=%2Fwp%2Fv2%2Fcomments&post=43"}],"version-history":[{"count":2,"href":"https:\/\/gmdesign.hu\/index.php?rest_route=\/wp\/v2\/posts\/43\/revisions"}],"predecessor-version":[{"id":1051,"href":"https:\/\/gmdesign.hu\/index.php?rest_route=\/wp\/v2\/posts\/43\/revisions\/1051"}],"wp:featuredmedia":[{"embeddable":true,"href":"https:\/\/gmdesign.hu\/index.php?rest_route=\/wp\/v2\/media\/42"}],"wp:attachment":[{"href":"https:\/\/gmdesign.hu\/index.php?rest_route=%2Fwp%2Fv2%2Fmedia&parent=43"}],"wp:term":[{"taxonomy":"category","embeddable":true,"href":"https:\/\/gmdesign.hu\/index.php?rest_route=%2Fwp%2Fv2%2Fcategories&post=43"},{"taxonomy":"post_tag","embeddable":true,"href":"https:\/\/gmdesign.hu\/index.php?rest_route=%2Fwp%2Fv2%2Ftags&post=43"}],"curies":[{"name":"wp","href":"https:\/\/api.w.org\/{rel}","templated":true}]}}