{"id":57,"date":"2015-06-07T14:34:14","date_gmt":"2015-06-07T14:34:14","guid":{"rendered":"https:\/\/gmdesign.hu\/?p=57"},"modified":"2024-10-29T14:51:07","modified_gmt":"2024-10-29T14:51:07","slug":"a-legaprobb-reszletekre-is-figyelunk","status":"publish","type":"post","link":"https:\/\/gmdesign.hu\/?p=57","title":{"rendered":"A legapr\u00f3bb r\u00e9szletekre is figyel\u00fcnk"},"content":{"rendered":"<p>Sz\u00e1munkra az, hogy valamilyen r\u00e9szletet figyelmen k\u00edv\u00fcl hagyjunk, mert pl. s\u00fcrget a hat\u00e1rid\u0151, nem elfogadhat\u00f3 lehet\u0151s\u00e9g.&nbsp;Munk\u00e1ink sor\u00e1n ez okozza a legt\u00f6bb kih\u00edv\u00e1st is, mert hajlamosak vagyunk ink\u00e1bb a hat\u00e1rid\u0151t illet\u0151en alkudozni, semmint a r\u00e9szletekbe men\u0151 min\u0151s\u00e9get be\u00e1ldozni. Azt gondoljuk, hogy a nagyk\u00f6z\u00f6ns\u00e9g egy nyilv\u00e1noss\u00e1gra ker\u00fcl\u0151 alkot\u00e1sban nem azt fogja l\u00e1tni, hogy <em style=\"font-size: 13.0080003738403px; line-height: 1.538em;\">&#8222;jaj de j\u00f3, ez a poszter k\u00e9t nappal el\u0151bb elk\u00e9sz\u00fclt&#8221;,<\/em> hanem azt fogja l\u00e1tni, hogy milyen fantasztikusan n\u00e9z ki.<\/p>\n<p><em>&#8211; Eml\u00e9kszel arra a tavalyi sikeres kiadv\u00e1nyra?<\/em><\/p>\n<p><em>&#8211; Eml\u00e9kszem. Arra a s\u00f6t\u00e9tk\u00e9k, mattlakkos \u00fct\u0151s darabra?<\/em><\/p>\n<p><em>&#8211; Nem. Arra amelyik egy h\u00e9ttel el\u0151bb k\u00e9sz\u00fclt el.<\/em><\/p>\n<p><em>&#8211; Arra nem eml\u00e9kszem.<\/em><\/p>\n<p>Ha egy grafikai anyag gyorsan k\u00e9sz\u00fcl el, az csak az \u00e1tv\u00e9tele napj\u00e1n sz\u00e1m\u00edt b\u00e1rmit is. Viszont ha sz\u00e9p lesz, akkor az onnan kezdve minden nap sz\u00e9p lesz.<\/p>\n","protected":false},"excerpt":{"rendered":"<p>Sz\u00e1munkra az, hogy valamilyen r\u00e9szletet figyelmen k\u00edv\u00fcl hagyjunk, mert pl. s\u00fcrget a hat\u00e1rid\u0151, nem elfogadhat\u00f3 lehet\u0151s\u00e9g.&nbsp;Munk\u00e1ink sor\u00e1n ez okozza a legt\u00f6bb kih\u00edv\u00e1st is, mert hajlamosak vagyunk ink\u00e1bb a hat\u00e1rid\u0151t illet\u0151en alkudozni, semmint a r\u00e9szletekbe men\u0151 min\u0151s\u00e9get be\u00e1ldozni. Azt gondoljuk, hogy a nagyk\u00f6z\u00f6ns\u00e9g egy nyilv\u00e1noss\u00e1gra ker\u00fcl\u0151 alkot\u00e1sban nem azt fogja l\u00e1tni, hogy &#8222;jaj de j\u00f3, ez<a href=\"https:\/\/gmdesign.hu\/?p=57\">Continue reading <span class=\"sr-only\">&#8222;A legapr\u00f3bb r\u00e9szletekre is figyel\u00fcnk&#8221;<\/span><\/a><\/p>\n","protected":false},"author":3,"featured_media":0,"comment_status":"open","ping_status":"open","sticky":false,"template":"","format":"standard","meta":{"_themeisle_gutenberg_block_has_review":false,"footnotes":""},"categories":[16],"tags":[],"class_list":["post-57","post","type-post","status-publish","format-standard","hentry","category-our-skills"],"_links":{"self":[{"href":"https:\/\/gmdesign.hu\/index.php?rest_route=\/wp\/v2\/posts\/57","targetHints":{"allow":["GET"]}}],"collection":[{"href":"https:\/\/gmdesign.hu\/index.php?rest_route=\/wp\/v2\/posts"}],"about":[{"href":"https:\/\/gmdesign.hu\/index.php?rest_route=\/wp\/v2\/types\/post"}],"author":[{"embeddable":true,"href":"https:\/\/gmdesign.hu\/index.php?rest_route=\/wp\/v2\/users\/3"}],"replies":[{"embeddable":true,"href":"https:\/\/gmdesign.hu\/index.php?rest_route=%2Fwp%2Fv2%2Fcomments&post=57"}],"version-history":[{"count":1,"href":"https:\/\/gmdesign.hu\/index.php?rest_route=\/wp\/v2\/posts\/57\/revisions"}],"predecessor-version":[{"id":468,"href":"https:\/\/gmdesign.hu\/index.php?rest_route=\/wp\/v2\/posts\/57\/revisions\/468"}],"wp:attachment":[{"href":"https:\/\/gmdesign.hu\/index.php?rest_route=%2Fwp%2Fv2%2Fmedia&parent=57"}],"wp:term":[{"taxonomy":"category","embeddable":true,"href":"https:\/\/gmdesign.hu\/index.php?rest_route=%2Fwp%2Fv2%2Fcategories&post=57"},{"taxonomy":"post_tag","embeddable":true,"href":"https:\/\/gmdesign.hu\/index.php?rest_route=%2Fwp%2Fv2%2Ftags&post=57"}],"curies":[{"name":"wp","href":"https:\/\/api.w.org\/{rel}","templated":true}]}}