{"id":90,"date":"2015-05-24T19:24:32","date_gmt":"2015-05-24T19:24:32","guid":{"rendered":"https:\/\/gmdesign.hu\/?p=90"},"modified":"2024-10-29T14:51:07","modified_gmt":"2024-10-29T14:51:07","slug":"kivitelezes","status":"publish","type":"post","link":"https:\/\/gmdesign.hu\/?p=90","title":{"rendered":"Kivitelez\u00e9s, gy\u00e1rt\u00e1sfel\u00fcgyelet"},"content":{"rendered":"<p>Az \u00e1ltalunk tervezett anyagokra jellemz\u0151, hogy a gy\u00e1rt\u00e1si technol\u00f3gia \u00e9s anyaghaszn\u00e1lat \u00e9pp\u00fagy r\u00e9sze a design-nak, mint a grafika. Ez\u00e9rt szinte elengedhetetlen, hogy a gy\u00e1rt\u00e1st design szempontb\u00f3l koordin\u00e1ljuk \u00e9s fel\u00fcgyelj\u00fck.<\/p>\n<p>Fontos megjegyezn\u00fcnk, hogy a nincsenek alv\u00e1llalkoz\u00f3ink, de van kiterjedt h\u00e1tt\u00e9r kivitelez\u0151i b\u00e1zisunk. Ez azt jelenti, hogy a megrendel\u0151inket k\u00f6zvetlen megrendel\u0151i kapcsolatba hozzuk a kivitelez\u0151kkel \u00e9s a mi \u2013 a kivitelez\u00e9sben t\u00f6rt\u00e9n\u0151 \u2013 k\u00f6zrem\u0171k\u00f6d\u00e9s\u00fcnk\u00e9rt k\u00fcl\u00f6n adunk sz\u00e1ml\u00e1t, azaz nincs alv\u00e1llalkoz\u00f3i \u00e1rr\u00e9s, nincs dupla \u00c1FA, nincs felel\u0151ss\u00e9g \u00e1th\u00e1r\u00edt\u00e1s, viszont van \u00e1tl\u00e1that\u00f3 gy\u00e1rt\u00e1si k\u00f6lts\u00e9g \u00e9s ugyan\u00fagy van hat\u00e9kony gy\u00e1rt\u00e1s-fel\u00fcgyelet.<\/p>\n<p>A legk\u00fcl\u00f6nb\u00f6z\u0151bb gy\u00e1rt\u00f3sorok mellett szerezt\u00fcnk tapasztalatokat, legyen az aluminiumpalack gy\u00e1rt\u00e1s, zsugorf\u00f3li\u00e1z\u00e1s, n\u00e9vk\u00e1rtya vagy k\u00f6nyv nyomtat\u00e1s. Az \u00e1ltalunk a kivitelez\u0151nek \u00e1tadott anyagok technikailag kifog\u00e1stalanok, ami nagyban szolg\u00e1lja azt, hogy a tervek \u00e9s a v\u00e9gs\u0151 produktum ugyan\u00fagy n\u00e9zzen ki.<\/p>\n","protected":false},"excerpt":{"rendered":"<p>Az \u00e1ltalunk tervezett anyagokra jellemz\u0151, hogy a gy\u00e1rt\u00e1si technol\u00f3gia \u00e9s anyaghaszn\u00e1lat \u00e9pp\u00fagy r\u00e9sze a design-nak, mint a grafika. Ez\u00e9rt szinte elengedhetetlen, hogy a gy\u00e1rt\u00e1st design szempontb\u00f3l koordin\u00e1ljuk \u00e9s fel\u00fcgyelj\u00fck. Fontos megjegyezn\u00fcnk, hogy a nincsenek alv\u00e1llalkoz\u00f3ink, de van kiterjedt h\u00e1tt\u00e9r kivitelez\u0151i b\u00e1zisunk. Ez azt jelenti, hogy a megrendel\u0151inket k\u00f6zvetlen megrendel\u0151i kapcsolatba hozzuk a kivitelez\u0151kkel \u00e9s a<a href=\"https:\/\/gmdesign.hu\/?p=90\">Continue reading <span class=\"sr-only\">&#8222;Kivitelez\u00e9s, gy\u00e1rt\u00e1sfel\u00fcgyelet&#8221;<\/span><\/a><\/p>\n","protected":false},"author":3,"featured_media":89,"comment_status":"open","ping_status":"open","sticky":false,"template":"","format":"standard","meta":{"_themeisle_gutenberg_block_has_review":false,"footnotes":""},"categories":[18],"tags":[],"class_list":["post-90","post","type-post","status-publish","format-standard","has-post-thumbnail","hentry","category-tevekenyseg"],"_links":{"self":[{"href":"https:\/\/gmdesign.hu\/index.php?rest_route=\/wp\/v2\/posts\/90","targetHints":{"allow":["GET"]}}],"collection":[{"href":"https:\/\/gmdesign.hu\/index.php?rest_route=\/wp\/v2\/posts"}],"about":[{"href":"https:\/\/gmdesign.hu\/index.php?rest_route=\/wp\/v2\/types\/post"}],"author":[{"embeddable":true,"href":"https:\/\/gmdesign.hu\/index.php?rest_route=\/wp\/v2\/users\/3"}],"replies":[{"embeddable":true,"href":"https:\/\/gmdesign.hu\/index.php?rest_route=%2Fwp%2Fv2%2Fcomments&post=90"}],"version-history":[{"count":1,"href":"https:\/\/gmdesign.hu\/index.php?rest_route=\/wp\/v2\/posts\/90\/revisions"}],"predecessor-version":[{"id":515,"href":"https:\/\/gmdesign.hu\/index.php?rest_route=\/wp\/v2\/posts\/90\/revisions\/515"}],"wp:featuredmedia":[{"embeddable":true,"href":"https:\/\/gmdesign.hu\/index.php?rest_route=\/wp\/v2\/media\/89"}],"wp:attachment":[{"href":"https:\/\/gmdesign.hu\/index.php?rest_route=%2Fwp%2Fv2%2Fmedia&parent=90"}],"wp:term":[{"taxonomy":"category","embeddable":true,"href":"https:\/\/gmdesign.hu\/index.php?rest_route=%2Fwp%2Fv2%2Fcategories&post=90"},{"taxonomy":"post_tag","embeddable":true,"href":"https:\/\/gmdesign.hu\/index.php?rest_route=%2Fwp%2Fv2%2Ftags&post=90"}],"curies":[{"name":"wp","href":"https:\/\/api.w.org\/{rel}","templated":true}]}}