{"id":92,"date":"2015-05-25T10:34:47","date_gmt":"2015-05-25T10:34:47","guid":{"rendered":"https:\/\/gmdesign.hu\/?p=92"},"modified":"2026-03-31T22:57:18","modified_gmt":"2026-03-31T22:57:18","slug":"reklam","status":"publish","type":"post","link":"https:\/\/gmdesign.hu\/?p=92","title":{"rendered":"Rekl\u00e1manyagok tervez\u00e9se \u00e9s gy\u00e1rt\u00e1si fel\u00fcgyelete"},"content":{"rendered":"<p><span style=\"color: #797979; font-family: 'Open Sans', sans-serif; font-size: 13px; line-height: 24px;\">Els\u0151sorban designer v\u00e1llalkoz\u00e1s vagyunk \u00e9s nem rekl\u00e1m\u00fcgyn\u00f6ks\u00e9g. Hagyom\u00e1nyos rekl\u00e1manyagok ugyan\u00fagy ott vannak a piacon mint az online eszk\u00f6z\u00f6k. Ennek megfelel\u0151 odafigyel\u00e9ssel tervezz\u00fck b\u00e1rmilyen eszk\u00f6z megjelen\u00e9s\u00e9t. Ez nem csak a grafikai tervez\u00e9st jelenti, hanem a komplex tan\u00e1csad\u00e1st a felhaszn\u00e1lt anyagokat \u00e9s technol\u00f3gi\u00e1kat illet\u0151en, valamint a gy\u00e1rt\u00e1si fel\u00fcgyeletet. Az <span style=\"text-decoration: underline;\"><a class=\"links\" title=\"Europa Media\" href=\"https:\/\/gmdesign.hu\/wp-content\/uploads\/2015\/01\/EM.jpg\" target=\"_self\" rel=\"noopener\" data-lbwps-width=\"480\" data-lbwps-height=\"360\" data-lbwps-srcsmall=\"https:\/\/gmdesign.hu\/wp-content\/uploads\/2015\/01\/EM.jpg\">EuropaMedia<\/a><\/span> sz\u00e1m\u00e1ra k\u00e9sz\u00edtett kiadv\u00e1nyaink elnyert\u00e9k a nyomd\u00e1sz szakma Oscar-d\u00edj\u00e1nak sz\u00e1m\u00edt\u00f3 <a class=\"links\" title=\"Pro Typographia Gold\" href=\"https:\/\/gmdesign.hu\/wp-content\/uploads\/2024\/10\/ProTypographia.jpg\" target=\"_self\" rel=\"noopener\"><span style=\"text-decoration: underline;\">ProTypographia arany fokozat\u00fa d\u00edj\u00e1t<\/span><\/a> melynek elnyer\u00e9se nem siker\u00fclt volna a Typonova Nyomda n\u00e9lk\u00fcl. Term\u00e9szetesen k\u00fclf\u00f6ldi kivitelez\u00e9sre is k\u00fcldj\u00fck anyagainkat. Els\u0151sz\u00e1m\u00fa vez\u00e9relv\u00fcnk, hogy a hagyom\u00e1nyosan kivitelezett (t\u00f6bbs\u00e9g\u00e9ben nyomdai) eszk\u00f6z\u00f6knek olyan legyen a megjelen\u00e9se, hogy j\u00f3 \u00e9rz\u00e9s legyen r\u00e1n\u00e9zni, k\u00e9zbevenni \u00e9s mustr\u00e1lni.<br \/>\n<\/span><\/p>\n<p><span style=\"color: #797979; font-family: 'Open Sans', sans-serif; font-size: 13px; line-height: 24px;\">V\u00e1llaljuk a k\u00fcl\u00f6nb\u00f6z\u0151 rekl\u00e1meszk\u00f6z\u00f6k tervez\u00e9s\u00e9t \u00e9s gy\u00e1rt\u00e1si fel\u00fcgyelet\u00e9t.<br \/>\n<\/span><\/p>\n","protected":false},"excerpt":{"rendered":"<p>Els\u0151sorban designer v\u00e1llalkoz\u00e1s vagyunk \u00e9s nem rekl\u00e1m\u00fcgyn\u00f6ks\u00e9g. Hagyom\u00e1nyos rekl\u00e1manyagok ugyan\u00fagy ott vannak a piacon mint az online eszk\u00f6z\u00f6k. Ennek megfelel\u0151 odafigyel\u00e9ssel tervezz\u00fck b\u00e1rmilyen eszk\u00f6z megjelen\u00e9s\u00e9t. Ez nem csak a grafikai tervez\u00e9st jelenti, hanem a komplex tan\u00e1csad\u00e1st a felhaszn\u00e1lt anyagokat \u00e9s technol\u00f3gi\u00e1kat illet\u0151en, valamint a gy\u00e1rt\u00e1si fel\u00fcgyeletet. Az EuropaMedia sz\u00e1m\u00e1ra k\u00e9sz\u00edtett kiadv\u00e1nyaink elnyert\u00e9k a nyomd\u00e1sz szakma<a href=\"https:\/\/gmdesign.hu\/?p=92\">Continue reading <span class=\"sr-only\">&#8222;Rekl\u00e1manyagok tervez\u00e9se \u00e9s gy\u00e1rt\u00e1si fel\u00fcgyelete&#8221;<\/span><\/a><\/p>\n","protected":false},"author":3,"featured_media":91,"comment_status":"closed","ping_status":"open","sticky":false,"template":"","format":"standard","meta":{"_themeisle_gutenberg_block_has_review":false,"footnotes":""},"categories":[18],"tags":[],"class_list":["post-92","post","type-post","status-publish","format-standard","has-post-thumbnail","hentry","category-tevekenyseg"],"_links":{"self":[{"href":"https:\/\/gmdesign.hu\/index.php?rest_route=\/wp\/v2\/posts\/92","targetHints":{"allow":["GET"]}}],"collection":[{"href":"https:\/\/gmdesign.hu\/index.php?rest_route=\/wp\/v2\/posts"}],"about":[{"href":"https:\/\/gmdesign.hu\/index.php?rest_route=\/wp\/v2\/types\/post"}],"author":[{"embeddable":true,"href":"https:\/\/gmdesign.hu\/index.php?rest_route=\/wp\/v2\/users\/3"}],"replies":[{"embeddable":true,"href":"https:\/\/gmdesign.hu\/index.php?rest_route=%2Fwp%2Fv2%2Fcomments&post=92"}],"version-history":[{"count":4,"href":"https:\/\/gmdesign.hu\/index.php?rest_route=\/wp\/v2\/posts\/92\/revisions"}],"predecessor-version":[{"id":1248,"href":"https:\/\/gmdesign.hu\/index.php?rest_route=\/wp\/v2\/posts\/92\/revisions\/1248"}],"wp:featuredmedia":[{"embeddable":true,"href":"https:\/\/gmdesign.hu\/index.php?rest_route=\/wp\/v2\/media\/91"}],"wp:attachment":[{"href":"https:\/\/gmdesign.hu\/index.php?rest_route=%2Fwp%2Fv2%2Fmedia&parent=92"}],"wp:term":[{"taxonomy":"category","embeddable":true,"href":"https:\/\/gmdesign.hu\/index.php?rest_route=%2Fwp%2Fv2%2Fcategories&post=92"},{"taxonomy":"post_tag","embeddable":true,"href":"https:\/\/gmdesign.hu\/index.php?rest_route=%2Fwp%2Fv2%2Ftags&post=92"}],"curies":[{"name":"wp","href":"https:\/\/api.w.org\/{rel}","templated":true}]}}